{"id":2012,"date":"2022-03-28T08:02:23","date_gmt":"2022-03-28T08:02:23","guid":{"rendered":"https:\/\/www.missionsvalencia.eu\/cpivalencia\/?p=2012"},"modified":"2022-03-28T08:08:04","modified_gmt":"2022-03-28T08:08:04","slug":"arranca-la-edicion-de-2022-de-los-premios-capital-europea-de-la-innovacion","status":"publish","type":"post","link":"https:\/\/www.missionsvalencia.eu\/cpivalencia\/arranca-la-edicion-de-2022-de-los-premios-capital-europea-de-la-innovacion\/","title":{"rendered":"Arranca la edici\u00f3n de 2022 de los premios Capital Europea de la Innovaci\u00f3n"},"content":{"rendered":"\n<p>La Comisi\u00f3n Europea ha lanzado la octava edici\u00f3n de los premios Capital Europea de la Innovaci\u00f3n (iCapital), que reconocen el papel que desempe\u00f1an las ciudades en la configuraci\u00f3n de los ecosistemas innovadores locales y en la promoci\u00f3n de la innovaci\u00f3n. Se podr\u00e1n enviar solicitudes hasta el pr\u00f3ximo 30 de junio.<\/p>\n\n\n\n<p>Los premios iCapital 2022, que cuentan con el apoyo del&nbsp;<a href=\"https:\/\/eic.ec.europa.eu\/\" target=\"_blank\" rel=\"noreferrer noopener\">Consejo Europeo de Innovaci\u00f3n<\/a>&nbsp;en el marco de Horizonte Europa, otorgar\u00e1n un total de seis galardones dentro de dos categor\u00edas: Capital Europea de la Innovaci\u00f3n y Ciudad Europea m\u00e1s Innovadora, ambas dirigidas a ciudades de los Estados miembros de la UE y pa\u00edses asociados a Horizonte Europa.<\/p>\n\n\n\n<p>La primera categor\u00eda est\u00e1 abierta a urbes con un m\u00ednimo de 250.000 habitantes y la segunda se dirige a municipios con una poblaci\u00f3n de entre 50.000 y 249.999 habitantes. Las&nbsp;<a href=\"https:\/\/eic.ec.europa.eu\/eic-funding-opportunities\/eic-prizes\/european-capital-innovation-awards_en\" target=\"_blank\" rel=\"noreferrer noopener\">inscripciones<\/a>&nbsp;permanecer\u00e1n abiertas hasta el 30 de junio de 2022 a las 17:00 horas (CET).<\/p>\n\n\n\n<h4>Criterios de valoraci\u00f3n<\/h4>\n\n\n\n<p>La ciudad ganadora del t\u00edtulo de Capital Europea de la Innovaci\u00f3n recibir\u00e1 un mill\u00f3n de euros para garantizar que sus buenas pr\u00e1cticas en innovaci\u00f3n se compartan y multipliquen. Por su parte, las dos finalistas obtendr\u00e1n 100.000 euros cada una para apoyar sus actividades innovadoras.<\/p>\n\n\n\n<p>En la categor\u00eda de Ciudad Europea m\u00e1s Innovadora, la ganadora ser\u00e1 recompensada con 500.000 euros, mientras que las dos finalistas recibir\u00e1n 50.000 euros cada una para ampliar su ecosistema de innovaci\u00f3n. Dos jurados compuestos por expertos independientes de alto nivel evaluar\u00e1n c\u00f3mo las ciudades est\u00e1n ampliando los l\u00edmites de la innovaci\u00f3n en cuanto a cinco aspectos principales.<\/p>\n\n\n\n<p>Se valorar\u00e1 positivamente la experimentaci\u00f3n para convertir el espacio urbano en un banco de pruebas de pr\u00e1cticas innovadoras, el escalamiento y aceleraci\u00f3n para el crecimiento de empresas emergentes y pymes, la construcci\u00f3n de ecosistemas y el fomento de sinergias entre el sector p\u00fablico, la industria, la academia y la sociedad en general; la ampliaci\u00f3n de la capacidad de innovaci\u00f3n de la ciudad para convertirse en un modelo a seguir por otras urbes; y la visi\u00f3n innovadora para la transformaci\u00f3n de la ciudad y el desarrollo de un ecosistema de innovaci\u00f3n sostenible.<\/p>\n\n\n\n<p class=\"has-small-font-size\">Fuente: ESMARTCITY<\/p>\n","protected":false},"excerpt":{"rendered":"<p>La Comisi\u00f3n Europea ha lanzado la octava edici\u00f3n de los premios Capital Europea de la Innovaci\u00f3n (iCapital), que reconocen el papel que desempe\u00f1an las ciudades en la configuraci\u00f3n de los ecosistemas innovadores locales y en la promoci\u00f3n de la innovaci\u00f3n. Se podr\u00e1n enviar solicitudes hasta el pr\u00f3ximo 30 de junio. Los premios iCapital 2022, que [&hellip;]<\/p>\n","protected":false},"author":1,"featured_media":2013,"comment_status":"open","ping_status":"open","sticky":false,"template":"","format":"standard","meta":{"_et_pb_use_builder":"","_et_pb_old_content":"","_et_gb_content_width":"","inline_featured_image":false},"categories":[12],"tags":[],"yoast_head":"<!-- This site is optimized with the Yoast SEO plugin v19.3 - https:\/\/yoast.com\/wordpress\/plugins\/seo\/ -->\n<title>Arranca la edici\u00f3n de 2022 de los premios Capital Europea de la Innovaci\u00f3n - CPI Val&egrave;ncia<\/title>\n<meta name=\"robots\" content=\"index, follow, max-snippet:-1, max-image-preview:large, max-video-preview:-1\" \/>\n<link rel=\"canonical\" href=\"https:\/\/www.missionsvalencia.eu\/cpivalencia\/arranca-la-edicion-de-2022-de-los-premios-capital-europea-de-la-innovacion\/\" \/>\n<meta property=\"og:locale\" content=\"es_ES\" \/>\n<meta property=\"og:type\" content=\"article\" \/>\n<meta property=\"og:title\" content=\"Arranca la edici\u00f3n de 2022 de los premios Capital Europea de la Innovaci\u00f3n - CPI Val&egrave;ncia\" \/>\n<meta property=\"og:description\" content=\"La Comisi\u00f3n Europea ha lanzado la octava edici\u00f3n de los premios Capital Europea de la Innovaci\u00f3n (iCapital), que reconocen el papel que desempe\u00f1an las ciudades en la configuraci\u00f3n de los ecosistemas innovadores locales y en la promoci\u00f3n de la innovaci\u00f3n. Se podr\u00e1n enviar solicitudes hasta el pr\u00f3ximo 30 de junio. Los premios iCapital 2022, que [&hellip;]\" \/>\n<meta property=\"og:url\" content=\"https:\/\/www.missionsvalencia.eu\/cpivalencia\/arranca-la-edicion-de-2022-de-los-premios-capital-europea-de-la-innovacion\/\" \/>\n<meta property=\"og:site_name\" content=\"CPI Val&egrave;ncia\" \/>\n<meta property=\"article:publisher\" content=\"https:\/\/www.facebook.com\/LasNavesINN\" \/>\n<meta property=\"article:published_time\" content=\"2022-03-28T08:02:23+00:00\" \/>\n<meta property=\"article:modified_time\" content=\"2022-03-28T08:08:04+00:00\" \/>\n<meta property=\"og:image\" content=\"https:\/\/www.missionsvalencia.eu\/cpivalencia\/wp-content\/uploads\/2022\/03\/icapital-cpi-vlc.png\" \/>\n\t<meta property=\"og:image:width\" content=\"1081\" \/>\n\t<meta property=\"og:image:height\" content=\"556\" \/>\n\t<meta property=\"og:image:type\" content=\"image\/png\" \/>\n<meta name=\"author\" content=\"CPI Val\u00e8ncia\" \/>\n<meta name=\"twitter:card\" content=\"summary_large_image\" \/>\n<meta name=\"twitter:creator\" content=\"@lasnavesINN\" \/>\n<meta name=\"twitter:site\" content=\"@lasnavesINN\" \/>\n<meta name=\"twitter:label1\" content=\"Escrito por\" \/>\n\t<meta name=\"twitter:data1\" content=\"CPI Val\u00e8ncia\" \/>\n\t<meta name=\"twitter:label2\" content=\"Tiempo de lectura\" \/>\n\t<meta name=\"twitter:data2\" content=\"2 minutos\" \/>\n<script type=\"application\/ld+json\" class=\"yoast-schema-graph\">{\"@context\":\"https:\/\/schema.org\",\"@graph\":[{\"@type\":\"Organization\",\"@id\":\"https:\/\/www.missionsvalencia.eu\/cpivalencia\/#organization\",\"name\":\"COMPRA P\u00daBLICA DE INNOVACI\u00d3N - CPI Val\u00e8ncia\",\"url\":\"https:\/\/www.missionsvalencia.eu\/cpivalencia\/\",\"sameAs\":[\"https:\/\/www.instagram.com\/LASNAVES\/\",\"https:\/\/www.facebook.com\/LasNavesINN\",\"https:\/\/twitter.com\/lasnavesINN\"],\"logo\":{\"@type\":\"ImageObject\",\"inLanguage\":\"es\",\"@id\":\"https:\/\/www.missionsvalencia.eu\/cpivalencia\/#\/schema\/logo\/image\/\",\"url\":\"https:\/\/www.missionsvalencia.eu\/cpivalencia\/wp-content\/uploads\/2021\/07\/CPI_vlc_logo_color.png\",\"contentUrl\":\"https:\/\/www.missionsvalencia.eu\/cpivalencia\/wp-content\/uploads\/2021\/07\/CPI_vlc_logo_color.png\",\"width\":842,\"height\":596,\"caption\":\"COMPRA P\u00daBLICA DE INNOVACI\u00d3N - CPI Val\u00e8ncia\"},\"image\":{\"@id\":\"https:\/\/www.missionsvalencia.eu\/cpivalencia\/#\/schema\/logo\/image\/\"}},{\"@type\":\"WebSite\",\"@id\":\"https:\/\/www.missionsvalencia.eu\/cpivalencia\/#website\",\"url\":\"https:\/\/www.missionsvalencia.eu\/cpivalencia\/\",\"name\":\"CPI Val&egrave;ncia\",\"description\":\"Compra P&uacute;blica de Innovaci&oacute;n dirigida a Val&egrave;ncia, una herramienta de innovaci&oacute;n.\",\"publisher\":{\"@id\":\"https:\/\/www.missionsvalencia.eu\/cpivalencia\/#organization\"},\"potentialAction\":[{\"@type\":\"SearchAction\",\"target\":{\"@type\":\"EntryPoint\",\"urlTemplate\":\"https:\/\/www.missionsvalencia.eu\/cpivalencia\/?s={search_term_string}\"},\"query-input\":\"required name=search_term_string\"}],\"inLanguage\":\"es\"},{\"@type\":\"ImageObject\",\"inLanguage\":\"es\",\"@id\":\"https:\/\/www.missionsvalencia.eu\/cpivalencia\/arranca-la-edicion-de-2022-de-los-premios-capital-europea-de-la-innovacion\/#primaryimage\",\"url\":\"https:\/\/www.missionsvalencia.eu\/cpivalencia\/wp-content\/uploads\/2022\/03\/icapital-cpi-vlc.png\",\"contentUrl\":\"https:\/\/www.missionsvalencia.eu\/cpivalencia\/wp-content\/uploads\/2022\/03\/icapital-cpi-vlc.png\",\"width\":1081,\"height\":556},{\"@type\":\"WebPage\",\"@id\":\"https:\/\/www.missionsvalencia.eu\/cpivalencia\/arranca-la-edicion-de-2022-de-los-premios-capital-europea-de-la-innovacion\/\",\"url\":\"https:\/\/www.missionsvalencia.eu\/cpivalencia\/arranca-la-edicion-de-2022-de-los-premios-capital-europea-de-la-innovacion\/\",\"name\":\"Arranca la edici\u00f3n de 2022 de los premios Capital Europea de la Innovaci\u00f3n - CPI Val&egrave;ncia\",\"isPartOf\":{\"@id\":\"https:\/\/www.missionsvalencia.eu\/cpivalencia\/#website\"},\"primaryImageOfPage\":{\"@id\":\"https:\/\/www.missionsvalencia.eu\/cpivalencia\/arranca-la-edicion-de-2022-de-los-premios-capital-europea-de-la-innovacion\/#primaryimage\"},\"datePublished\":\"2022-03-28T08:02:23+00:00\",\"dateModified\":\"2022-03-28T08:08:04+00:00\",\"breadcrumb\":{\"@id\":\"https:\/\/www.missionsvalencia.eu\/cpivalencia\/arranca-la-edicion-de-2022-de-los-premios-capital-europea-de-la-innovacion\/#breadcrumb\"},\"inLanguage\":\"es\",\"potentialAction\":[{\"@type\":\"ReadAction\",\"target\":[\"https:\/\/www.missionsvalencia.eu\/cpivalencia\/arranca-la-edicion-de-2022-de-los-premios-capital-europea-de-la-innovacion\/\"]}]},{\"@type\":\"BreadcrumbList\",\"@id\":\"https:\/\/www.missionsvalencia.eu\/cpivalencia\/arranca-la-edicion-de-2022-de-los-premios-capital-europea-de-la-innovacion\/#breadcrumb\",\"itemListElement\":[{\"@type\":\"ListItem\",\"position\":1,\"name\":\"Portada\",\"item\":\"https:\/\/www.missionsvalencia.eu\/cpivalencia\/\"},{\"@type\":\"ListItem\",\"position\":2,\"name\":\"Arranca la edici\u00f3n de 2022 de los premios Capital Europea de la Innovaci\u00f3n\"}]},{\"@type\":\"Article\",\"@id\":\"https:\/\/www.missionsvalencia.eu\/cpivalencia\/arranca-la-edicion-de-2022-de-los-premios-capital-europea-de-la-innovacion\/#article\",\"isPartOf\":{\"@id\":\"https:\/\/www.missionsvalencia.eu\/cpivalencia\/arranca-la-edicion-de-2022-de-los-premios-capital-europea-de-la-innovacion\/\"},\"author\":{\"name\":\"CPI Val\u00e8ncia\",\"@id\":\"https:\/\/www.missionsvalencia.eu\/cpivalencia\/#\/schema\/person\/4fe9962daca1d2bf67d43496c1712873\"},\"headline\":\"Arranca la edici\u00f3n de 2022 de los premios Capital Europea de la Innovaci\u00f3n\",\"datePublished\":\"2022-03-28T08:02:23+00:00\",\"dateModified\":\"2022-03-28T08:08:04+00:00\",\"mainEntityOfPage\":{\"@id\":\"https:\/\/www.missionsvalencia.eu\/cpivalencia\/arranca-la-edicion-de-2022-de-los-premios-capital-europea-de-la-innovacion\/\"},\"wordCount\":401,\"commentCount\":0,\"publisher\":{\"@id\":\"https:\/\/www.missionsvalencia.eu\/cpivalencia\/#organization\"},\"image\":{\"@id\":\"https:\/\/www.missionsvalencia.eu\/cpivalencia\/arranca-la-edicion-de-2022-de-los-premios-capital-europea-de-la-innovacion\/#primaryimage\"},\"thumbnailUrl\":\"https:\/\/www.missionsvalencia.eu\/cpivalencia\/wp-content\/uploads\/2022\/03\/icapital-cpi-vlc.png\",\"articleSection\":[\"NOTICIAS\"],\"inLanguage\":\"es\",\"potentialAction\":[{\"@type\":\"CommentAction\",\"name\":\"Comment\",\"target\":[\"https:\/\/www.missionsvalencia.eu\/cpivalencia\/arranca-la-edicion-de-2022-de-los-premios-capital-europea-de-la-innovacion\/#respond\"]}]},{\"@type\":\"Person\",\"@id\":\"https:\/\/www.missionsvalencia.eu\/cpivalencia\/#\/schema\/person\/4fe9962daca1d2bf67d43496c1712873\",\"name\":\"CPI Val\u00e8ncia\",\"image\":{\"@type\":\"ImageObject\",\"inLanguage\":\"es\",\"@id\":\"https:\/\/www.missionsvalencia.eu\/cpivalencia\/#\/schema\/person\/image\/\",\"url\":\"https:\/\/secure.gravatar.com\/avatar\/ac22f00686d970c69bb50e4f9266f941?s=96&d=mm&r=g\",\"contentUrl\":\"https:\/\/secure.gravatar.com\/avatar\/ac22f00686d970c69bb50e4f9266f941?s=96&d=mm&r=g\",\"caption\":\"CPI Val\u00e8ncia\"}}]}<\/script>\n<!-- \/ Yoast SEO plugin. -->","yoast_head_json":{"title":"Arranca la edici\u00f3n de 2022 de los premios Capital Europea de la Innovaci\u00f3n - CPI Val&egrave;ncia","robots":{"index":"index","follow":"follow","max-snippet":"max-snippet:-1","max-image-preview":"max-image-preview:large","max-video-preview":"max-video-preview:-1"},"canonical":"https:\/\/www.missionsvalencia.eu\/cpivalencia\/arranca-la-edicion-de-2022-de-los-premios-capital-europea-de-la-innovacion\/","og_locale":"es_ES","og_type":"article","og_title":"Arranca la edici\u00f3n de 2022 de los premios Capital Europea de la Innovaci\u00f3n - CPI Val&egrave;ncia","og_description":"La Comisi\u00f3n Europea ha lanzado la octava edici\u00f3n de los premios Capital Europea de la Innovaci\u00f3n (iCapital), que reconocen el papel que desempe\u00f1an las ciudades en la configuraci\u00f3n de los ecosistemas innovadores locales y en la promoci\u00f3n de la innovaci\u00f3n. Se podr\u00e1n enviar solicitudes hasta el pr\u00f3ximo 30 de junio. Los premios iCapital 2022, que [&hellip;]","og_url":"https:\/\/www.missionsvalencia.eu\/cpivalencia\/arranca-la-edicion-de-2022-de-los-premios-capital-europea-de-la-innovacion\/","og_site_name":"CPI Val&egrave;ncia","article_publisher":"https:\/\/www.facebook.com\/LasNavesINN","article_published_time":"2022-03-28T08:02:23+00:00","article_modified_time":"2022-03-28T08:08:04+00:00","og_image":[{"width":1081,"height":556,"url":"https:\/\/www.missionsvalencia.eu\/cpivalencia\/wp-content\/uploads\/2022\/03\/icapital-cpi-vlc.png","type":"image\/png"}],"author":"CPI Val\u00e8ncia","twitter_card":"summary_large_image","twitter_creator":"@lasnavesINN","twitter_site":"@lasnavesINN","twitter_misc":{"Escrito por":"CPI Val\u00e8ncia","Tiempo de lectura":"2 minutos"},"schema":{"@context":"https:\/\/schema.org","@graph":[{"@type":"Organization","@id":"https:\/\/www.missionsvalencia.eu\/cpivalencia\/#organization","name":"COMPRA P\u00daBLICA DE INNOVACI\u00d3N - CPI Val\u00e8ncia","url":"https:\/\/www.missionsvalencia.eu\/cpivalencia\/","sameAs":["https:\/\/www.instagram.com\/LASNAVES\/","https:\/\/www.facebook.com\/LasNavesINN","https:\/\/twitter.com\/lasnavesINN"],"logo":{"@type":"ImageObject","inLanguage":"es","@id":"https:\/\/www.missionsvalencia.eu\/cpivalencia\/#\/schema\/logo\/image\/","url":"https:\/\/www.missionsvalencia.eu\/cpivalencia\/wp-content\/uploads\/2021\/07\/CPI_vlc_logo_color.png","contentUrl":"https:\/\/www.missionsvalencia.eu\/cpivalencia\/wp-content\/uploads\/2021\/07\/CPI_vlc_logo_color.png","width":842,"height":596,"caption":"COMPRA P\u00daBLICA DE INNOVACI\u00d3N - CPI Val\u00e8ncia"},"image":{"@id":"https:\/\/www.missionsvalencia.eu\/cpivalencia\/#\/schema\/logo\/image\/"}},{"@type":"WebSite","@id":"https:\/\/www.missionsvalencia.eu\/cpivalencia\/#website","url":"https:\/\/www.missionsvalencia.eu\/cpivalencia\/","name":"CPI Val&egrave;ncia","description":"Compra P&uacute;blica de Innovaci&oacute;n dirigida a Val&egrave;ncia, una herramienta de innovaci&oacute;n.","publisher":{"@id":"https:\/\/www.missionsvalencia.eu\/cpivalencia\/#organization"},"potentialAction":[{"@type":"SearchAction","target":{"@type":"EntryPoint","urlTemplate":"https:\/\/www.missionsvalencia.eu\/cpivalencia\/?s={search_term_string}"},"query-input":"required name=search_term_string"}],"inLanguage":"es"},{"@type":"ImageObject","inLanguage":"es","@id":"https:\/\/www.missionsvalencia.eu\/cpivalencia\/arranca-la-edicion-de-2022-de-los-premios-capital-europea-de-la-innovacion\/#primaryimage","url":"https:\/\/www.missionsvalencia.eu\/cpivalencia\/wp-content\/uploads\/2022\/03\/icapital-cpi-vlc.png","contentUrl":"https:\/\/www.missionsvalencia.eu\/cpivalencia\/wp-content\/uploads\/2022\/03\/icapital-cpi-vlc.png","width":1081,"height":556},{"@type":"WebPage","@id":"https:\/\/www.missionsvalencia.eu\/cpivalencia\/arranca-la-edicion-de-2022-de-los-premios-capital-europea-de-la-innovacion\/","url":"https:\/\/www.missionsvalencia.eu\/cpivalencia\/arranca-la-edicion-de-2022-de-los-premios-capital-europea-de-la-innovacion\/","name":"Arranca la edici\u00f3n de 2022 de los premios Capital Europea de la Innovaci\u00f3n - CPI Val&egrave;ncia","isPartOf":{"@id":"https:\/\/www.missionsvalencia.eu\/cpivalencia\/#website"},"primaryImageOfPage":{"@id":"https:\/\/www.missionsvalencia.eu\/cpivalencia\/arranca-la-edicion-de-2022-de-los-premios-capital-europea-de-la-innovacion\/#primaryimage"},"datePublished":"2022-03-28T08:02:23+00:00","dateModified":"2022-03-28T08:08:04+00:00","breadcrumb":{"@id":"https:\/\/www.missionsvalencia.eu\/cpivalencia\/arranca-la-edicion-de-2022-de-los-premios-capital-europea-de-la-innovacion\/#breadcrumb"},"inLanguage":"es","potentialAction":[{"@type":"ReadAction","target":["https:\/\/www.missionsvalencia.eu\/cpivalencia\/arranca-la-edicion-de-2022-de-los-premios-capital-europea-de-la-innovacion\/"]}]},{"@type":"BreadcrumbList","@id":"https:\/\/www.missionsvalencia.eu\/cpivalencia\/arranca-la-edicion-de-2022-de-los-premios-capital-europea-de-la-innovacion\/#breadcrumb","itemListElement":[{"@type":"ListItem","position":1,"name":"Portada","item":"https:\/\/www.missionsvalencia.eu\/cpivalencia\/"},{"@type":"ListItem","position":2,"name":"Arranca la edici\u00f3n de 2022 de los premios Capital Europea de la Innovaci\u00f3n"}]},{"@type":"Article","@id":"https:\/\/www.missionsvalencia.eu\/cpivalencia\/arranca-la-edicion-de-2022-de-los-premios-capital-europea-de-la-innovacion\/#article","isPartOf":{"@id":"https:\/\/www.missionsvalencia.eu\/cpivalencia\/arranca-la-edicion-de-2022-de-los-premios-capital-europea-de-la-innovacion\/"},"author":{"name":"CPI Val\u00e8ncia","@id":"https:\/\/www.missionsvalencia.eu\/cpivalencia\/#\/schema\/person\/4fe9962daca1d2bf67d43496c1712873"},"headline":"Arranca la edici\u00f3n de 2022 de los premios Capital Europea de la Innovaci\u00f3n","datePublished":"2022-03-28T08:02:23+00:00","dateModified":"2022-03-28T08:08:04+00:00","mainEntityOfPage":{"@id":"https:\/\/www.missionsvalencia.eu\/cpivalencia\/arranca-la-edicion-de-2022-de-los-premios-capital-europea-de-la-innovacion\/"},"wordCount":401,"commentCount":0,"publisher":{"@id":"https:\/\/www.missionsvalencia.eu\/cpivalencia\/#organization"},"image":{"@id":"https:\/\/www.missionsvalencia.eu\/cpivalencia\/arranca-la-edicion-de-2022-de-los-premios-capital-europea-de-la-innovacion\/#primaryimage"},"thumbnailUrl":"https:\/\/www.missionsvalencia.eu\/cpivalencia\/wp-content\/uploads\/2022\/03\/icapital-cpi-vlc.png","articleSection":["NOTICIAS"],"inLanguage":"es","potentialAction":[{"@type":"CommentAction","name":"Comment","target":["https:\/\/www.missionsvalencia.eu\/cpivalencia\/arranca-la-edicion-de-2022-de-los-premios-capital-europea-de-la-innovacion\/#respond"]}]},{"@type":"Person","@id":"https:\/\/www.missionsvalencia.eu\/cpivalencia\/#\/schema\/person\/4fe9962daca1d2bf67d43496c1712873","name":"CPI Val\u00e8ncia","image":{"@type":"ImageObject","inLanguage":"es","@id":"https:\/\/www.missionsvalencia.eu\/cpivalencia\/#\/schema\/person\/image\/","url":"https:\/\/secure.gravatar.com\/avatar\/ac22f00686d970c69bb50e4f9266f941?s=96&d=mm&r=g","contentUrl":"https:\/\/secure.gravatar.com\/avatar\/ac22f00686d970c69bb50e4f9266f941?s=96&d=mm&r=g","caption":"CPI Val\u00e8ncia"}}]}},"_links":{"self":[{"href":"https:\/\/www.missionsvalencia.eu\/cpivalencia\/wp-json\/wp\/v2\/posts\/2012"}],"collection":[{"href":"https:\/\/www.missionsvalencia.eu\/cpivalencia\/wp-json\/wp\/v2\/posts"}],"about":[{"href":"https:\/\/www.missionsvalencia.eu\/cpivalencia\/wp-json\/wp\/v2\/types\/post"}],"author":[{"embeddable":true,"href":"https:\/\/www.missionsvalencia.eu\/cpivalencia\/wp-json\/wp\/v2\/users\/1"}],"replies":[{"embeddable":true,"href":"https:\/\/www.missionsvalencia.eu\/cpivalencia\/wp-json\/wp\/v2\/comments?post=2012"}],"version-history":[{"count":1,"href":"https:\/\/www.missionsvalencia.eu\/cpivalencia\/wp-json\/wp\/v2\/posts\/2012\/revisions"}],"predecessor-version":[{"id":2014,"href":"https:\/\/www.missionsvalencia.eu\/cpivalencia\/wp-json\/wp\/v2\/posts\/2012\/revisions\/2014"}],"wp:featuredmedia":[{"embeddable":true,"href":"https:\/\/www.missionsvalencia.eu\/cpivalencia\/wp-json\/wp\/v2\/media\/2013"}],"wp:attachment":[{"href":"https:\/\/www.missionsvalencia.eu\/cpivalencia\/wp-json\/wp\/v2\/media?parent=2012"}],"wp:term":[{"taxonomy":"category","embeddable":true,"href":"https:\/\/www.missionsvalencia.eu\/cpivalencia\/wp-json\/wp\/v2\/categories?post=2012"},{"taxonomy":"post_tag","embeddable":true,"href":"https:\/\/www.missionsvalencia.eu\/cpivalencia\/wp-json\/wp\/v2\/tags?post=2012"}],"curies":[{"name":"wp","href":"https:\/\/api.w.org\/{rel}","templated":true}]}}