{"id":2007,"date":"2022-03-28T07:47:35","date_gmt":"2022-03-28T07:47:35","guid":{"rendered":"https:\/\/www.missionsvalencia.eu\/cpivalencia\/?p=2007"},"modified":"2022-03-28T07:48:09","modified_gmt":"2022-03-28T07:48:09","slug":"valencia-elabora-el-primer-mapa-de-demanda-temprana-para-impulsar-la-compra-publica-de-innovacion-en-la-proxima-decada","status":"publish","type":"post","link":"https:\/\/www.missionsvalencia.eu\/cpivalencia\/valencia-elabora-el-primer-mapa-de-demanda-temprana-para-impulsar-la-compra-publica-de-innovacion-en-la-proxima-decada\/","title":{"rendered":"Val\u00e8ncia elabora el primer Mapa de Demanda Temprana para impulsar la compra p\u00fablica de Innovaci\u00f3n en la pr\u00f3xima d\u00e9cada"},"content":{"rendered":"\n<h3><strong>Se han establecido 54 retos para afrontar las m\u00e1s de 300 necesidades p\u00fablicas no cubiertas<\/strong><\/h3>\n\n\n\n<h3><strong>El trabajo compartido junto a todos los agentes de la ciudad para hacer avanzar la ciudad en l\u00ednea con los Objetivos de Desarrollo Sostenible, la Agenda Urbana y las Misiones de Innovaci\u00f3n ha permitido abrir nuevos espacios de participaci\u00f3n<\/strong><\/h3>\n\n\n\n<p>El Ayuntamiento de Val\u00e8ncia, junto al centro de innovaci\u00f3n Las Naves y diversos agentes de la ciudad, han construido el primer Mapa de Demanda Temprana, que analiza los retos y necesidades p\u00fablicas no cubiertas y asociadas a los Missions Valencia 2030 de cara a impulsar la Compra P\u00fablica de Innovaci\u00f3n y ser capaces de resolver estos problemas.<\/p>\n\n\n\n<p>Disponible en&nbsp;<a href=\"https:\/\/bit.ly\/3tKMR3z\" target=\"_blank\" rel=\"noreferrer noopener\">este enlace<\/a>, establece 54 retos que identifican 305 de las necesidades anteriormente mencionadas, como por ejemplo la creaci\u00f3n de un Observatorio de salud comunitaria, la gesti\u00f3n eficiente del agua y recursos de la Albufera, nuevos mecanismos de acceso a la vivienda o la apuesta por el sector agroalimentario, sostenible y de proximidad.<\/p>\n\n\n\n<p>La innovaci\u00f3n ocupa un rol fundamental en la estrategia de desarrollo de la ciudad en el corto, medio y largo plazo. Este compromiso supone iniciar el recorrido para aprovechar la propia capacidad dinamizadora que poseen las Administraciones P\u00fablicas mediante sus procesos de contrataci\u00f3n para ser tractoras en este \u00e1mbito.<\/p>\n\n\n\n<p>El impulso a la compra p\u00fablica de innovaci\u00f3n convierte al Ayuntamiento de Val\u00e8ncia en un actor emprendedor del ecosistema de innovaci\u00f3n ya que orienta sus recursos propios para ayudar al mercado a desarrollar productos y servicios innovadores que a\u00fan no existen y que permitir\u00e1n cubrir esas necesidades p\u00fablicas de una forma m\u00e1s eficiente.<\/p>\n\n\n\n<p>El trabajo compartido junto a todos los agentes de la ciudad para hacer avanzar la ciudad en l\u00ednea con los Objetivos de Desarrollo Sostenible, la Agenda Urbana y las Misiones de Innovaci\u00f3n ha permitido abrir nuevos espacios de participaci\u00f3n.<\/p>\n\n\n\n<p>En este sentido, el Mapa de Demanda Temprana Val\u00e8ncia 2030, presentado en julio del a\u00f1o 2021, es el resultado de un proceso de inteligencia colectiva desarrollado junto a m\u00e1s de 150 agentes, con siete talleres de trabajo vinculados a la Sostenibilidad, la Cohesi\u00f3n Social, el Urbanismo o el Emprendimiento.<\/p>\n\n\n\n<p>En ellos participaron instituciones valencianas p\u00fablicas, privadas, acad\u00e9micas y civiles, a las que se sumaron otras de \u00e1mbito nacional entre las que se encuentran el Ministerio de Ciencia e Innovaci\u00f3n con la Secretar\u00eda General de Fomento de la Innovaci\u00f3n, la Generalitat Valenciana con la Agencia Valenciana de Innovaci\u00f3n, el Ayuntamiento de Madrid, la Xunta de Galicia, el Ayuntamiento de L\u2019Alf\u00e0s del Pi, l\u2019Ajuntament de Gav\u00e0, el Ayuntamiento de Ermua o el Ayuntamiento de Alfaro.<\/p>\n\n\n\n<p>La Misi\u00f3n Clim\u00e1tica Val\u00e8ncia 2030 ha inspirado al Ayuntamiento de Val\u00e8ncia y Las Naves para priorizar los retos y las necesidades p\u00fablicas no cubiertas del citado Mapa que impactan en la neutralidad clim\u00e1tica de la ciudad y su descarbonizaci\u00f3n. Por ello, \u00e1mbitos como la movilidad sostenible, el modelo energ\u00e9tico renovable y justo, el urbanismo y h\u00e1bitat sostenible, la renaturalizaci\u00f3n y la biodiversidad, la resiliencia y adaptaci\u00f3n al cambio clim\u00e1tico, la implicaci\u00f3n social, la descarbonizaci\u00f3n de la econom\u00eda valenciana y la gobernanza inteligente de todo el proceso son los \u00e1mbitos que ser\u00e1n objeto de las primeras licitaciones de compra p\u00fablica de innovaci\u00f3n en Val\u00e8ncia a partir de 2022.<\/p>\n","protected":false},"excerpt":{"rendered":"<p>Se han establecido 54 retos para afrontar las m\u00e1s de 300 necesidades p\u00fablicas no cubiertas El trabajo compartido junto a todos los agentes de la ciudad para hacer avanzar la ciudad en l\u00ednea con los Objetivos de Desarrollo Sostenible, la Agenda Urbana y las Misiones de Innovaci\u00f3n ha permitido abrir nuevos espacios de participaci\u00f3n El [&hellip;]<\/p>\n","protected":false},"author":1,"featured_media":2009,"comment_status":"open","ping_status":"open","sticky":false,"template":"","format":"standard","meta":{"_et_pb_use_builder":"","_et_pb_old_content":"","_et_gb_content_width":"","inline_featured_image":false},"categories":[12],"tags":[],"yoast_head":"<!-- This site is optimized with the Yoast SEO plugin v19.3 - https:\/\/yoast.com\/wordpress\/plugins\/seo\/ -->\n<title>Val\u00e8ncia elabora el primer Mapa de Demanda Temprana para impulsar la compra p\u00fablica de Innovaci\u00f3n en la pr\u00f3xima d\u00e9cada - CPI Val&egrave;ncia<\/title>\n<meta name=\"robots\" content=\"index, follow, max-snippet:-1, max-image-preview:large, max-video-preview:-1\" \/>\n<link rel=\"canonical\" href=\"https:\/\/www.missionsvalencia.eu\/cpivalencia\/valencia-elabora-el-primer-mapa-de-demanda-temprana-para-impulsar-la-compra-publica-de-innovacion-en-la-proxima-decada\/\" \/>\n<meta property=\"og:locale\" content=\"es_ES\" \/>\n<meta property=\"og:type\" content=\"article\" \/>\n<meta property=\"og:title\" content=\"Val\u00e8ncia elabora el primer Mapa de Demanda Temprana para impulsar la compra p\u00fablica de Innovaci\u00f3n en la pr\u00f3xima d\u00e9cada - CPI Val&egrave;ncia\" \/>\n<meta property=\"og:description\" content=\"Se han establecido 54 retos para afrontar las m\u00e1s de 300 necesidades p\u00fablicas no cubiertas El trabajo compartido junto a todos los agentes de la ciudad para hacer avanzar la ciudad en l\u00ednea con los Objetivos de Desarrollo Sostenible, la Agenda Urbana y las Misiones de Innovaci\u00f3n ha permitido abrir nuevos espacios de participaci\u00f3n El [&hellip;]\" \/>\n<meta property=\"og:url\" content=\"https:\/\/www.missionsvalencia.eu\/cpivalencia\/valencia-elabora-el-primer-mapa-de-demanda-temprana-para-impulsar-la-compra-publica-de-innovacion-en-la-proxima-decada\/\" \/>\n<meta property=\"og:site_name\" content=\"CPI Val&egrave;ncia\" \/>\n<meta property=\"article:publisher\" content=\"https:\/\/www.facebook.com\/LasNavesINN\" \/>\n<meta property=\"article:published_time\" content=\"2022-03-28T07:47:35+00:00\" \/>\n<meta property=\"article:modified_time\" content=\"2022-03-28T07:48:09+00:00\" \/>\n<meta property=\"og:image\" content=\"https:\/\/www.missionsvalencia.eu\/cpivalencia\/wp-content\/uploads\/2022\/03\/NOTICIAS-WEBS-1.png\" \/>\n\t<meta property=\"og:image:width\" content=\"1081\" \/>\n\t<meta property=\"og:image:height\" content=\"556\" \/>\n\t<meta property=\"og:image:type\" content=\"image\/png\" \/>\n<meta name=\"author\" content=\"CPI Val\u00e8ncia\" \/>\n<meta name=\"twitter:card\" content=\"summary_large_image\" \/>\n<meta name=\"twitter:creator\" content=\"@lasnavesINN\" \/>\n<meta name=\"twitter:site\" content=\"@lasnavesINN\" \/>\n<meta name=\"twitter:label1\" content=\"Escrito por\" \/>\n\t<meta name=\"twitter:data1\" content=\"CPI Val\u00e8ncia\" \/>\n\t<meta name=\"twitter:label2\" content=\"Tiempo de lectura\" \/>\n\t<meta name=\"twitter:data2\" content=\"3 minutos\" \/>\n<script type=\"application\/ld+json\" class=\"yoast-schema-graph\">{\"@context\":\"https:\/\/schema.org\",\"@graph\":[{\"@type\":\"Organization\",\"@id\":\"https:\/\/www.missionsvalencia.eu\/cpivalencia\/#organization\",\"name\":\"COMPRA P\u00daBLICA DE INNOVACI\u00d3N - CPI Val\u00e8ncia\",\"url\":\"https:\/\/www.missionsvalencia.eu\/cpivalencia\/\",\"sameAs\":[\"https:\/\/www.instagram.com\/LASNAVES\/\",\"https:\/\/www.facebook.com\/LasNavesINN\",\"https:\/\/twitter.com\/lasnavesINN\"],\"logo\":{\"@type\":\"ImageObject\",\"inLanguage\":\"es\",\"@id\":\"https:\/\/www.missionsvalencia.eu\/cpivalencia\/#\/schema\/logo\/image\/\",\"url\":\"https:\/\/www.missionsvalencia.eu\/cpivalencia\/wp-content\/uploads\/2021\/07\/CPI_vlc_logo_color.png\",\"contentUrl\":\"https:\/\/www.missionsvalencia.eu\/cpivalencia\/wp-content\/uploads\/2021\/07\/CPI_vlc_logo_color.png\",\"width\":842,\"height\":596,\"caption\":\"COMPRA P\u00daBLICA DE INNOVACI\u00d3N - CPI Val\u00e8ncia\"},\"image\":{\"@id\":\"https:\/\/www.missionsvalencia.eu\/cpivalencia\/#\/schema\/logo\/image\/\"}},{\"@type\":\"WebSite\",\"@id\":\"https:\/\/www.missionsvalencia.eu\/cpivalencia\/#website\",\"url\":\"https:\/\/www.missionsvalencia.eu\/cpivalencia\/\",\"name\":\"CPI Val&egrave;ncia\",\"description\":\"Compra P&uacute;blica de Innovaci&oacute;n dirigida a Val&egrave;ncia, una herramienta de innovaci&oacute;n.\",\"publisher\":{\"@id\":\"https:\/\/www.missionsvalencia.eu\/cpivalencia\/#organization\"},\"potentialAction\":[{\"@type\":\"SearchAction\",\"target\":{\"@type\":\"EntryPoint\",\"urlTemplate\":\"https:\/\/www.missionsvalencia.eu\/cpivalencia\/?s={search_term_string}\"},\"query-input\":\"required name=search_term_string\"}],\"inLanguage\":\"es\"},{\"@type\":\"ImageObject\",\"inLanguage\":\"es\",\"@id\":\"https:\/\/www.missionsvalencia.eu\/cpivalencia\/valencia-elabora-el-primer-mapa-de-demanda-temprana-para-impulsar-la-compra-publica-de-innovacion-en-la-proxima-decada\/#primaryimage\",\"url\":\"https:\/\/www.missionsvalencia.eu\/cpivalencia\/wp-content\/uploads\/2022\/03\/NOTICIAS-WEBS-1.png\",\"contentUrl\":\"https:\/\/www.missionsvalencia.eu\/cpivalencia\/wp-content\/uploads\/2022\/03\/NOTICIAS-WEBS-1.png\",\"width\":1081,\"height\":556},{\"@type\":\"WebPage\",\"@id\":\"https:\/\/www.missionsvalencia.eu\/cpivalencia\/valencia-elabora-el-primer-mapa-de-demanda-temprana-para-impulsar-la-compra-publica-de-innovacion-en-la-proxima-decada\/\",\"url\":\"https:\/\/www.missionsvalencia.eu\/cpivalencia\/valencia-elabora-el-primer-mapa-de-demanda-temprana-para-impulsar-la-compra-publica-de-innovacion-en-la-proxima-decada\/\",\"name\":\"Val\u00e8ncia elabora el primer Mapa de Demanda Temprana para impulsar la compra p\u00fablica de Innovaci\u00f3n en la pr\u00f3xima d\u00e9cada - CPI Val&egrave;ncia\",\"isPartOf\":{\"@id\":\"https:\/\/www.missionsvalencia.eu\/cpivalencia\/#website\"},\"primaryImageOfPage\":{\"@id\":\"https:\/\/www.missionsvalencia.eu\/cpivalencia\/valencia-elabora-el-primer-mapa-de-demanda-temprana-para-impulsar-la-compra-publica-de-innovacion-en-la-proxima-decada\/#primaryimage\"},\"datePublished\":\"2022-03-28T07:47:35+00:00\",\"dateModified\":\"2022-03-28T07:48:09+00:00\",\"breadcrumb\":{\"@id\":\"https:\/\/www.missionsvalencia.eu\/cpivalencia\/valencia-elabora-el-primer-mapa-de-demanda-temprana-para-impulsar-la-compra-publica-de-innovacion-en-la-proxima-decada\/#breadcrumb\"},\"inLanguage\":\"es\",\"potentialAction\":[{\"@type\":\"ReadAction\",\"target\":[\"https:\/\/www.missionsvalencia.eu\/cpivalencia\/valencia-elabora-el-primer-mapa-de-demanda-temprana-para-impulsar-la-compra-publica-de-innovacion-en-la-proxima-decada\/\"]}]},{\"@type\":\"BreadcrumbList\",\"@id\":\"https:\/\/www.missionsvalencia.eu\/cpivalencia\/valencia-elabora-el-primer-mapa-de-demanda-temprana-para-impulsar-la-compra-publica-de-innovacion-en-la-proxima-decada\/#breadcrumb\",\"itemListElement\":[{\"@type\":\"ListItem\",\"position\":1,\"name\":\"Portada\",\"item\":\"https:\/\/www.missionsvalencia.eu\/cpivalencia\/\"},{\"@type\":\"ListItem\",\"position\":2,\"name\":\"Val\u00e8ncia elabora el primer Mapa de Demanda Temprana para impulsar la compra p\u00fablica de Innovaci\u00f3n en la pr\u00f3xima d\u00e9cada\"}]},{\"@type\":\"Article\",\"@id\":\"https:\/\/www.missionsvalencia.eu\/cpivalencia\/valencia-elabora-el-primer-mapa-de-demanda-temprana-para-impulsar-la-compra-publica-de-innovacion-en-la-proxima-decada\/#article\",\"isPartOf\":{\"@id\":\"https:\/\/www.missionsvalencia.eu\/cpivalencia\/valencia-elabora-el-primer-mapa-de-demanda-temprana-para-impulsar-la-compra-publica-de-innovacion-en-la-proxima-decada\/\"},\"author\":{\"name\":\"CPI Val\u00e8ncia\",\"@id\":\"https:\/\/www.missionsvalencia.eu\/cpivalencia\/#\/schema\/person\/4fe9962daca1d2bf67d43496c1712873\"},\"headline\":\"Val\u00e8ncia elabora el primer Mapa de Demanda Temprana para impulsar la compra p\u00fablica de Innovaci\u00f3n en la pr\u00f3xima d\u00e9cada\",\"datePublished\":\"2022-03-28T07:47:35+00:00\",\"dateModified\":\"2022-03-28T07:48:09+00:00\",\"mainEntityOfPage\":{\"@id\":\"https:\/\/www.missionsvalencia.eu\/cpivalencia\/valencia-elabora-el-primer-mapa-de-demanda-temprana-para-impulsar-la-compra-publica-de-innovacion-en-la-proxima-decada\/\"},\"wordCount\":609,\"commentCount\":0,\"publisher\":{\"@id\":\"https:\/\/www.missionsvalencia.eu\/cpivalencia\/#organization\"},\"image\":{\"@id\":\"https:\/\/www.missionsvalencia.eu\/cpivalencia\/valencia-elabora-el-primer-mapa-de-demanda-temprana-para-impulsar-la-compra-publica-de-innovacion-en-la-proxima-decada\/#primaryimage\"},\"thumbnailUrl\":\"https:\/\/www.missionsvalencia.eu\/cpivalencia\/wp-content\/uploads\/2022\/03\/NOTICIAS-WEBS-1.png\",\"articleSection\":[\"NOTICIAS\"],\"inLanguage\":\"es\",\"potentialAction\":[{\"@type\":\"CommentAction\",\"name\":\"Comment\",\"target\":[\"https:\/\/www.missionsvalencia.eu\/cpivalencia\/valencia-elabora-el-primer-mapa-de-demanda-temprana-para-impulsar-la-compra-publica-de-innovacion-en-la-proxima-decada\/#respond\"]}]},{\"@type\":\"Person\",\"@id\":\"https:\/\/www.missionsvalencia.eu\/cpivalencia\/#\/schema\/person\/4fe9962daca1d2bf67d43496c1712873\",\"name\":\"CPI Val\u00e8ncia\",\"image\":{\"@type\":\"ImageObject\",\"inLanguage\":\"es\",\"@id\":\"https:\/\/www.missionsvalencia.eu\/cpivalencia\/#\/schema\/person\/image\/\",\"url\":\"https:\/\/secure.gravatar.com\/avatar\/ac22f00686d970c69bb50e4f9266f941?s=96&d=mm&r=g\",\"contentUrl\":\"https:\/\/secure.gravatar.com\/avatar\/ac22f00686d970c69bb50e4f9266f941?s=96&d=mm&r=g\",\"caption\":\"CPI Val\u00e8ncia\"}}]}<\/script>\n<!-- \/ Yoast SEO plugin. -->","yoast_head_json":{"title":"Val\u00e8ncia elabora el primer Mapa de Demanda Temprana para impulsar la compra p\u00fablica de Innovaci\u00f3n en la pr\u00f3xima d\u00e9cada - CPI Val&egrave;ncia","robots":{"index":"index","follow":"follow","max-snippet":"max-snippet:-1","max-image-preview":"max-image-preview:large","max-video-preview":"max-video-preview:-1"},"canonical":"https:\/\/www.missionsvalencia.eu\/cpivalencia\/valencia-elabora-el-primer-mapa-de-demanda-temprana-para-impulsar-la-compra-publica-de-innovacion-en-la-proxima-decada\/","og_locale":"es_ES","og_type":"article","og_title":"Val\u00e8ncia elabora el primer Mapa de Demanda Temprana para impulsar la compra p\u00fablica de Innovaci\u00f3n en la pr\u00f3xima d\u00e9cada - CPI Val&egrave;ncia","og_description":"Se han establecido 54 retos para afrontar las m\u00e1s de 300 necesidades p\u00fablicas no cubiertas El trabajo compartido junto a todos los agentes de la ciudad para hacer avanzar la ciudad en l\u00ednea con los Objetivos de Desarrollo Sostenible, la Agenda Urbana y las Misiones de Innovaci\u00f3n ha permitido abrir nuevos espacios de participaci\u00f3n El [&hellip;]","og_url":"https:\/\/www.missionsvalencia.eu\/cpivalencia\/valencia-elabora-el-primer-mapa-de-demanda-temprana-para-impulsar-la-compra-publica-de-innovacion-en-la-proxima-decada\/","og_site_name":"CPI Val&egrave;ncia","article_publisher":"https:\/\/www.facebook.com\/LasNavesINN","article_published_time":"2022-03-28T07:47:35+00:00","article_modified_time":"2022-03-28T07:48:09+00:00","og_image":[{"width":1081,"height":556,"url":"https:\/\/www.missionsvalencia.eu\/cpivalencia\/wp-content\/uploads\/2022\/03\/NOTICIAS-WEBS-1.png","type":"image\/png"}],"author":"CPI Val\u00e8ncia","twitter_card":"summary_large_image","twitter_creator":"@lasnavesINN","twitter_site":"@lasnavesINN","twitter_misc":{"Escrito por":"CPI Val\u00e8ncia","Tiempo de lectura":"3 minutos"},"schema":{"@context":"https:\/\/schema.org","@graph":[{"@type":"Organization","@id":"https:\/\/www.missionsvalencia.eu\/cpivalencia\/#organization","name":"COMPRA P\u00daBLICA DE INNOVACI\u00d3N - CPI Val\u00e8ncia","url":"https:\/\/www.missionsvalencia.eu\/cpivalencia\/","sameAs":["https:\/\/www.instagram.com\/LASNAVES\/","https:\/\/www.facebook.com\/LasNavesINN","https:\/\/twitter.com\/lasnavesINN"],"logo":{"@type":"ImageObject","inLanguage":"es","@id":"https:\/\/www.missionsvalencia.eu\/cpivalencia\/#\/schema\/logo\/image\/","url":"https:\/\/www.missionsvalencia.eu\/cpivalencia\/wp-content\/uploads\/2021\/07\/CPI_vlc_logo_color.png","contentUrl":"https:\/\/www.missionsvalencia.eu\/cpivalencia\/wp-content\/uploads\/2021\/07\/CPI_vlc_logo_color.png","width":842,"height":596,"caption":"COMPRA P\u00daBLICA DE INNOVACI\u00d3N - CPI Val\u00e8ncia"},"image":{"@id":"https:\/\/www.missionsvalencia.eu\/cpivalencia\/#\/schema\/logo\/image\/"}},{"@type":"WebSite","@id":"https:\/\/www.missionsvalencia.eu\/cpivalencia\/#website","url":"https:\/\/www.missionsvalencia.eu\/cpivalencia\/","name":"CPI Val&egrave;ncia","description":"Compra P&uacute;blica de Innovaci&oacute;n dirigida a Val&egrave;ncia, una herramienta de innovaci&oacute;n.","publisher":{"@id":"https:\/\/www.missionsvalencia.eu\/cpivalencia\/#organization"},"potentialAction":[{"@type":"SearchAction","target":{"@type":"EntryPoint","urlTemplate":"https:\/\/www.missionsvalencia.eu\/cpivalencia\/?s={search_term_string}"},"query-input":"required name=search_term_string"}],"inLanguage":"es"},{"@type":"ImageObject","inLanguage":"es","@id":"https:\/\/www.missionsvalencia.eu\/cpivalencia\/valencia-elabora-el-primer-mapa-de-demanda-temprana-para-impulsar-la-compra-publica-de-innovacion-en-la-proxima-decada\/#primaryimage","url":"https:\/\/www.missionsvalencia.eu\/cpivalencia\/wp-content\/uploads\/2022\/03\/NOTICIAS-WEBS-1.png","contentUrl":"https:\/\/www.missionsvalencia.eu\/cpivalencia\/wp-content\/uploads\/2022\/03\/NOTICIAS-WEBS-1.png","width":1081,"height":556},{"@type":"WebPage","@id":"https:\/\/www.missionsvalencia.eu\/cpivalencia\/valencia-elabora-el-primer-mapa-de-demanda-temprana-para-impulsar-la-compra-publica-de-innovacion-en-la-proxima-decada\/","url":"https:\/\/www.missionsvalencia.eu\/cpivalencia\/valencia-elabora-el-primer-mapa-de-demanda-temprana-para-impulsar-la-compra-publica-de-innovacion-en-la-proxima-decada\/","name":"Val\u00e8ncia elabora el primer Mapa de Demanda Temprana para impulsar la compra p\u00fablica de Innovaci\u00f3n en la pr\u00f3xima d\u00e9cada - CPI Val&egrave;ncia","isPartOf":{"@id":"https:\/\/www.missionsvalencia.eu\/cpivalencia\/#website"},"primaryImageOfPage":{"@id":"https:\/\/www.missionsvalencia.eu\/cpivalencia\/valencia-elabora-el-primer-mapa-de-demanda-temprana-para-impulsar-la-compra-publica-de-innovacion-en-la-proxima-decada\/#primaryimage"},"datePublished":"2022-03-28T07:47:35+00:00","dateModified":"2022-03-28T07:48:09+00:00","breadcrumb":{"@id":"https:\/\/www.missionsvalencia.eu\/cpivalencia\/valencia-elabora-el-primer-mapa-de-demanda-temprana-para-impulsar-la-compra-publica-de-innovacion-en-la-proxima-decada\/#breadcrumb"},"inLanguage":"es","potentialAction":[{"@type":"ReadAction","target":["https:\/\/www.missionsvalencia.eu\/cpivalencia\/valencia-elabora-el-primer-mapa-de-demanda-temprana-para-impulsar-la-compra-publica-de-innovacion-en-la-proxima-decada\/"]}]},{"@type":"BreadcrumbList","@id":"https:\/\/www.missionsvalencia.eu\/cpivalencia\/valencia-elabora-el-primer-mapa-de-demanda-temprana-para-impulsar-la-compra-publica-de-innovacion-en-la-proxima-decada\/#breadcrumb","itemListElement":[{"@type":"ListItem","position":1,"name":"Portada","item":"https:\/\/www.missionsvalencia.eu\/cpivalencia\/"},{"@type":"ListItem","position":2,"name":"Val\u00e8ncia elabora el primer Mapa de Demanda Temprana para impulsar la compra p\u00fablica de Innovaci\u00f3n en la pr\u00f3xima d\u00e9cada"}]},{"@type":"Article","@id":"https:\/\/www.missionsvalencia.eu\/cpivalencia\/valencia-elabora-el-primer-mapa-de-demanda-temprana-para-impulsar-la-compra-publica-de-innovacion-en-la-proxima-decada\/#article","isPartOf":{"@id":"https:\/\/www.missionsvalencia.eu\/cpivalencia\/valencia-elabora-el-primer-mapa-de-demanda-temprana-para-impulsar-la-compra-publica-de-innovacion-en-la-proxima-decada\/"},"author":{"name":"CPI Val\u00e8ncia","@id":"https:\/\/www.missionsvalencia.eu\/cpivalencia\/#\/schema\/person\/4fe9962daca1d2bf67d43496c1712873"},"headline":"Val\u00e8ncia elabora el primer Mapa de Demanda Temprana para impulsar la compra p\u00fablica de Innovaci\u00f3n en la pr\u00f3xima d\u00e9cada","datePublished":"2022-03-28T07:47:35+00:00","dateModified":"2022-03-28T07:48:09+00:00","mainEntityOfPage":{"@id":"https:\/\/www.missionsvalencia.eu\/cpivalencia\/valencia-elabora-el-primer-mapa-de-demanda-temprana-para-impulsar-la-compra-publica-de-innovacion-en-la-proxima-decada\/"},"wordCount":609,"commentCount":0,"publisher":{"@id":"https:\/\/www.missionsvalencia.eu\/cpivalencia\/#organization"},"image":{"@id":"https:\/\/www.missionsvalencia.eu\/cpivalencia\/valencia-elabora-el-primer-mapa-de-demanda-temprana-para-impulsar-la-compra-publica-de-innovacion-en-la-proxima-decada\/#primaryimage"},"thumbnailUrl":"https:\/\/www.missionsvalencia.eu\/cpivalencia\/wp-content\/uploads\/2022\/03\/NOTICIAS-WEBS-1.png","articleSection":["NOTICIAS"],"inLanguage":"es","potentialAction":[{"@type":"CommentAction","name":"Comment","target":["https:\/\/www.missionsvalencia.eu\/cpivalencia\/valencia-elabora-el-primer-mapa-de-demanda-temprana-para-impulsar-la-compra-publica-de-innovacion-en-la-proxima-decada\/#respond"]}]},{"@type":"Person","@id":"https:\/\/www.missionsvalencia.eu\/cpivalencia\/#\/schema\/person\/4fe9962daca1d2bf67d43496c1712873","name":"CPI Val\u00e8ncia","image":{"@type":"ImageObject","inLanguage":"es","@id":"https:\/\/www.missionsvalencia.eu\/cpivalencia\/#\/schema\/person\/image\/","url":"https:\/\/secure.gravatar.com\/avatar\/ac22f00686d970c69bb50e4f9266f941?s=96&d=mm&r=g","contentUrl":"https:\/\/secure.gravatar.com\/avatar\/ac22f00686d970c69bb50e4f9266f941?s=96&d=mm&r=g","caption":"CPI Val\u00e8ncia"}}]}},"_links":{"self":[{"href":"https:\/\/www.missionsvalencia.eu\/cpivalencia\/wp-json\/wp\/v2\/posts\/2007"}],"collection":[{"href":"https:\/\/www.missionsvalencia.eu\/cpivalencia\/wp-json\/wp\/v2\/posts"}],"about":[{"href":"https:\/\/www.missionsvalencia.eu\/cpivalencia\/wp-json\/wp\/v2\/types\/post"}],"author":[{"embeddable":true,"href":"https:\/\/www.missionsvalencia.eu\/cpivalencia\/wp-json\/wp\/v2\/users\/1"}],"replies":[{"embeddable":true,"href":"https:\/\/www.missionsvalencia.eu\/cpivalencia\/wp-json\/wp\/v2\/comments?post=2007"}],"version-history":[{"count":1,"href":"https:\/\/www.missionsvalencia.eu\/cpivalencia\/wp-json\/wp\/v2\/posts\/2007\/revisions"}],"predecessor-version":[{"id":2008,"href":"https:\/\/www.missionsvalencia.eu\/cpivalencia\/wp-json\/wp\/v2\/posts\/2007\/revisions\/2008"}],"wp:featuredmedia":[{"embeddable":true,"href":"https:\/\/www.missionsvalencia.eu\/cpivalencia\/wp-json\/wp\/v2\/media\/2009"}],"wp:attachment":[{"href":"https:\/\/www.missionsvalencia.eu\/cpivalencia\/wp-json\/wp\/v2\/media?parent=2007"}],"wp:term":[{"taxonomy":"category","embeddable":true,"href":"https:\/\/www.missionsvalencia.eu\/cpivalencia\/wp-json\/wp\/v2\/categories?post=2007"},{"taxonomy":"post_tag","embeddable":true,"href":"https:\/\/www.missionsvalencia.eu\/cpivalencia\/wp-json\/wp\/v2\/tags?post=2007"}],"curies":[{"name":"wp","href":"https:\/\/api.w.org\/{rel}","templated":true}]}}