{"id":1879,"date":"2021-09-30T11:30:47","date_gmt":"2021-09-30T11:30:47","guid":{"rendered":"https:\/\/www.missionsvalencia.eu\/cpivalencia\/?p=1879"},"modified":"2021-09-30T11:37:34","modified_gmt":"2021-09-30T11:37:34","slug":"do-you-want-to-orientate-the-strategy-of-your-town-or-city-towards-innovation-missions","status":"publish","type":"post","link":"https:\/\/www.missionsvalencia.eu\/cpivalencia\/en\/do-you-want-to-orientate-the-strategy-of-your-town-or-city-towards-innovation-missions\/","title":{"rendered":"Do you want to orientate the strategy of your town or city towards innovation missions?"},"content":{"rendered":"\n<h3><strong>Accompaniment programme to guide the innovation strategy of the municipalities of the Valencian Community towards innovation missions.<\/strong><\/h3>\n\n\n\n<h3><strong>To participate in person at the event, please register.<\/strong><\/h3>\n\n\n\n<h3><strong>If you want to follow it online, answer the question at the end of the form and we will send you the access link.<\/strong><\/h3>\n\n\n<p>The General Directorate of Innovation of the Generalitat Valenciana and the innovation centre Las Naves, of the City Council of Valencia, present next 8th of July from 09:30 to 13:00 hours the Accompaniment Programme to guide the innovation strategy of the municipalities of the Valencian Community to innovation missions.<\/p>\n<p>Based on the results obtained in the Innovation Day for Municipalities held in 2020, a new working session is proposed, oriented to work on the concept and meaning of social and urban innovation for cities; and to explain how urban needs, constraints and challenges can be addressed from a strategic framework for the governance of innovation based on missions.<\/p>\n\n\n<p>We will count, among others, with the participation of Joan Subirats, a specialist in governance, public management and public policy analysis.<\/p>\n\n\n\n<p>If you want to orientate the strategy of your municipality towards innovation missions, sign up and participate in the Accompaniment Programme to orientate the innovation strategy of the municipalities of the Valencian Community.<\/p>\n\n\n\n<div class=\"wp-container-1 wp-block-group\">\n<p><a href=\"https:\/\/www.eventbrite.es\/e\/entradas-jornada-municipis-innovadors-160954383895\" target=\"_blank\" rel=\"noreferrer noopener\">REGISTRATION<\/a><\/p>\n<\/div>\n\n\n\n<p><\/p>\n","protected":false},"excerpt":{"rendered":"<p>Accompaniment programme to guide the innovation strategy of the municipalities of the Valencian Community towards innovation missions. To participate in person at the event, please register. If you want to follow it online, answer the question at the end of the form and we will send you the access link. The General Directorate of Innovation [&hellip;]<\/p>\n","protected":false},"author":1,"featured_media":1597,"comment_status":"open","ping_status":"open","sticky":false,"template":"","format":"standard","meta":{"_et_pb_use_builder":"","_et_pb_old_content":"","_et_gb_content_width":"","inline_featured_image":false},"categories":[51],"tags":[],"yoast_head":"<!-- This site is optimized with the Yoast SEO plugin v19.3 - https:\/\/yoast.com\/wordpress\/plugins\/seo\/ -->\n<title>Do you want to orientate the strategy of your town or city towards innovation missions? - CPI Val&egrave;ncia<\/title>\n<meta name=\"robots\" content=\"index, follow, max-snippet:-1, max-image-preview:large, max-video-preview:-1\" \/>\n<link rel=\"canonical\" href=\"https:\/\/www.missionsvalencia.eu\/cpivalencia\/en\/do-you-want-to-orientate-the-strategy-of-your-town-or-city-towards-innovation-missions\/\" \/>\n<meta property=\"og:locale\" content=\"es_ES\" \/>\n<meta property=\"og:type\" content=\"article\" \/>\n<meta property=\"og:title\" content=\"Do you want to orientate the strategy of your town or city towards innovation missions? - CPI Val&egrave;ncia\" \/>\n<meta property=\"og:description\" content=\"Accompaniment programme to guide the innovation strategy of the municipalities of the Valencian Community towards innovation missions. To participate in person at the event, please register. If you want to follow it online, answer the question at the end of the form and we will send you the access link. The General Directorate of Innovation [&hellip;]\" \/>\n<meta property=\"og:url\" content=\"https:\/\/www.missionsvalencia.eu\/cpivalencia\/en\/do-you-want-to-orientate-the-strategy-of-your-town-or-city-towards-innovation-missions\/\" \/>\n<meta property=\"og:site_name\" content=\"CPI Val&egrave;ncia\" \/>\n<meta property=\"article:publisher\" content=\"https:\/\/www.facebook.com\/LasNavesINN\" \/>\n<meta property=\"article:published_time\" content=\"2021-09-30T11:30:47+00:00\" \/>\n<meta property=\"article:modified_time\" content=\"2021-09-30T11:37:34+00:00\" \/>\n<meta property=\"og:image\" content=\"https:\/\/www.missionsvalencia.eu\/cpivalencia\/wp-content\/uploads\/2021\/07\/Jornada-Valencia-8-juliol_Municipis-innovadors_PROGRAMA_02-1536x864-1.png\" \/>\n\t<meta property=\"og:image:width\" content=\"1536\" \/>\n\t<meta property=\"og:image:height\" content=\"864\" \/>\n\t<meta property=\"og:image:type\" content=\"image\/png\" \/>\n<meta name=\"author\" content=\"CPI Val\u00e8ncia\" \/>\n<meta name=\"twitter:card\" content=\"summary_large_image\" \/>\n<meta name=\"twitter:creator\" content=\"@lasnavesINN\" \/>\n<meta name=\"twitter:site\" content=\"@lasnavesINN\" \/>\n<meta name=\"twitter:label1\" content=\"Escrito por\" \/>\n\t<meta name=\"twitter:data1\" content=\"CPI Val\u00e8ncia\" \/>\n\t<meta name=\"twitter:label2\" content=\"Tiempo de lectura\" \/>\n\t<meta name=\"twitter:data2\" content=\"1 minuto\" \/>\n<script type=\"application\/ld+json\" class=\"yoast-schema-graph\">{\"@context\":\"https:\/\/schema.org\",\"@graph\":[{\"@type\":\"Organization\",\"@id\":\"https:\/\/www.missionsvalencia.eu\/cpivalencia\/#organization\",\"name\":\"COMPRA P\u00daBLICA DE INNOVACI\u00d3N - CPI Val\u00e8ncia\",\"url\":\"https:\/\/www.missionsvalencia.eu\/cpivalencia\/\",\"sameAs\":[\"https:\/\/www.instagram.com\/LASNAVES\/\",\"https:\/\/www.facebook.com\/LasNavesINN\",\"https:\/\/twitter.com\/lasnavesINN\"],\"logo\":{\"@type\":\"ImageObject\",\"inLanguage\":\"es\",\"@id\":\"https:\/\/www.missionsvalencia.eu\/cpivalencia\/#\/schema\/logo\/image\/\",\"url\":\"https:\/\/www.missionsvalencia.eu\/cpivalencia\/wp-content\/uploads\/2021\/07\/CPI_vlc_logo_color.png\",\"contentUrl\":\"https:\/\/www.missionsvalencia.eu\/cpivalencia\/wp-content\/uploads\/2021\/07\/CPI_vlc_logo_color.png\",\"width\":842,\"height\":596,\"caption\":\"COMPRA P\u00daBLICA DE INNOVACI\u00d3N - CPI Val\u00e8ncia\"},\"image\":{\"@id\":\"https:\/\/www.missionsvalencia.eu\/cpivalencia\/#\/schema\/logo\/image\/\"}},{\"@type\":\"WebSite\",\"@id\":\"https:\/\/www.missionsvalencia.eu\/cpivalencia\/#website\",\"url\":\"https:\/\/www.missionsvalencia.eu\/cpivalencia\/\",\"name\":\"CPI Val&egrave;ncia\",\"description\":\"Compra P&uacute;blica de Innovaci&oacute;n dirigida a Val&egrave;ncia, una herramienta de innovaci&oacute;n.\",\"publisher\":{\"@id\":\"https:\/\/www.missionsvalencia.eu\/cpivalencia\/#organization\"},\"potentialAction\":[{\"@type\":\"SearchAction\",\"target\":{\"@type\":\"EntryPoint\",\"urlTemplate\":\"https:\/\/www.missionsvalencia.eu\/cpivalencia\/?s={search_term_string}\"},\"query-input\":\"required name=search_term_string\"}],\"inLanguage\":\"es\"},{\"@type\":\"ImageObject\",\"inLanguage\":\"es\",\"@id\":\"https:\/\/www.missionsvalencia.eu\/cpivalencia\/en\/do-you-want-to-orientate-the-strategy-of-your-town-or-city-towards-innovation-missions\/#primaryimage\",\"url\":\"https:\/\/www.missionsvalencia.eu\/cpivalencia\/wp-content\/uploads\/2021\/07\/Jornada-Valencia-8-juliol_Municipis-innovadors_PROGRAMA_02-1536x864-1.png\",\"contentUrl\":\"https:\/\/www.missionsvalencia.eu\/cpivalencia\/wp-content\/uploads\/2021\/07\/Jornada-Valencia-8-juliol_Municipis-innovadors_PROGRAMA_02-1536x864-1.png\",\"width\":1536,\"height\":864},{\"@type\":\"WebPage\",\"@id\":\"https:\/\/www.missionsvalencia.eu\/cpivalencia\/en\/do-you-want-to-orientate-the-strategy-of-your-town-or-city-towards-innovation-missions\/\",\"url\":\"https:\/\/www.missionsvalencia.eu\/cpivalencia\/en\/do-you-want-to-orientate-the-strategy-of-your-town-or-city-towards-innovation-missions\/\",\"name\":\"Do you want to orientate the strategy of your town or city towards innovation missions? - CPI Val&egrave;ncia\",\"isPartOf\":{\"@id\":\"https:\/\/www.missionsvalencia.eu\/cpivalencia\/#website\"},\"primaryImageOfPage\":{\"@id\":\"https:\/\/www.missionsvalencia.eu\/cpivalencia\/en\/do-you-want-to-orientate-the-strategy-of-your-town-or-city-towards-innovation-missions\/#primaryimage\"},\"datePublished\":\"2021-09-30T11:30:47+00:00\",\"dateModified\":\"2021-09-30T11:37:34+00:00\",\"breadcrumb\":{\"@id\":\"https:\/\/www.missionsvalencia.eu\/cpivalencia\/en\/do-you-want-to-orientate-the-strategy-of-your-town-or-city-towards-innovation-missions\/#breadcrumb\"},\"inLanguage\":\"es\",\"potentialAction\":[{\"@type\":\"ReadAction\",\"target\":[\"https:\/\/www.missionsvalencia.eu\/cpivalencia\/en\/do-you-want-to-orientate-the-strategy-of-your-town-or-city-towards-innovation-missions\/\"]}]},{\"@type\":\"BreadcrumbList\",\"@id\":\"https:\/\/www.missionsvalencia.eu\/cpivalencia\/en\/do-you-want-to-orientate-the-strategy-of-your-town-or-city-towards-innovation-missions\/#breadcrumb\",\"itemListElement\":[{\"@type\":\"ListItem\",\"position\":1,\"name\":\"Portada\",\"item\":\"https:\/\/www.missionsvalencia.eu\/cpivalencia\/\"},{\"@type\":\"ListItem\",\"position\":2,\"name\":\"Do you want to orientate the strategy of your town or city towards innovation missions?\"}]},{\"@type\":\"Article\",\"@id\":\"https:\/\/www.missionsvalencia.eu\/cpivalencia\/en\/do-you-want-to-orientate-the-strategy-of-your-town-or-city-towards-innovation-missions\/#article\",\"isPartOf\":{\"@id\":\"https:\/\/www.missionsvalencia.eu\/cpivalencia\/en\/do-you-want-to-orientate-the-strategy-of-your-town-or-city-towards-innovation-missions\/\"},\"author\":{\"name\":\"CPI Val\u00e8ncia\",\"@id\":\"https:\/\/www.missionsvalencia.eu\/cpivalencia\/#\/schema\/person\/4fe9962daca1d2bf67d43496c1712873\"},\"headline\":\"Do you want to orientate the strategy of your town or city towards innovation missions?\",\"datePublished\":\"2021-09-30T11:30:47+00:00\",\"dateModified\":\"2021-09-30T11:37:34+00:00\",\"mainEntityOfPage\":{\"@id\":\"https:\/\/www.missionsvalencia.eu\/cpivalencia\/en\/do-you-want-to-orientate-the-strategy-of-your-town-or-city-towards-innovation-missions\/\"},\"wordCount\":225,\"commentCount\":0,\"publisher\":{\"@id\":\"https:\/\/www.missionsvalencia.eu\/cpivalencia\/#organization\"},\"image\":{\"@id\":\"https:\/\/www.missionsvalencia.eu\/cpivalencia\/en\/do-you-want-to-orientate-the-strategy-of-your-town-or-city-towards-innovation-missions\/#primaryimage\"},\"thumbnailUrl\":\"https:\/\/www.missionsvalencia.eu\/cpivalencia\/wp-content\/uploads\/2021\/07\/Jornada-Valencia-8-juliol_Municipis-innovadors_PROGRAMA_02-1536x864-1.png\",\"inLanguage\":\"es\",\"potentialAction\":[{\"@type\":\"CommentAction\",\"name\":\"Comment\",\"target\":[\"https:\/\/www.missionsvalencia.eu\/cpivalencia\/en\/do-you-want-to-orientate-the-strategy-of-your-town-or-city-towards-innovation-missions\/#respond\"]}]},{\"@type\":\"Person\",\"@id\":\"https:\/\/www.missionsvalencia.eu\/cpivalencia\/#\/schema\/person\/4fe9962daca1d2bf67d43496c1712873\",\"name\":\"CPI Val\u00e8ncia\",\"image\":{\"@type\":\"ImageObject\",\"inLanguage\":\"es\",\"@id\":\"https:\/\/www.missionsvalencia.eu\/cpivalencia\/#\/schema\/person\/image\/\",\"url\":\"https:\/\/secure.gravatar.com\/avatar\/ac22f00686d970c69bb50e4f9266f941?s=96&d=mm&r=g\",\"contentUrl\":\"https:\/\/secure.gravatar.com\/avatar\/ac22f00686d970c69bb50e4f9266f941?s=96&d=mm&r=g\",\"caption\":\"CPI Val\u00e8ncia\"}}]}<\/script>\n<!-- \/ Yoast SEO plugin. -->","yoast_head_json":{"title":"Do you want to orientate the strategy of your town or city towards innovation missions? - CPI Val&egrave;ncia","robots":{"index":"index","follow":"follow","max-snippet":"max-snippet:-1","max-image-preview":"max-image-preview:large","max-video-preview":"max-video-preview:-1"},"canonical":"https:\/\/www.missionsvalencia.eu\/cpivalencia\/en\/do-you-want-to-orientate-the-strategy-of-your-town-or-city-towards-innovation-missions\/","og_locale":"es_ES","og_type":"article","og_title":"Do you want to orientate the strategy of your town or city towards innovation missions? - CPI Val&egrave;ncia","og_description":"Accompaniment programme to guide the innovation strategy of the municipalities of the Valencian Community towards innovation missions. To participate in person at the event, please register. If you want to follow it online, answer the question at the end of the form and we will send you the access link. The General Directorate of Innovation [&hellip;]","og_url":"https:\/\/www.missionsvalencia.eu\/cpivalencia\/en\/do-you-want-to-orientate-the-strategy-of-your-town-or-city-towards-innovation-missions\/","og_site_name":"CPI Val&egrave;ncia","article_publisher":"https:\/\/www.facebook.com\/LasNavesINN","article_published_time":"2021-09-30T11:30:47+00:00","article_modified_time":"2021-09-30T11:37:34+00:00","og_image":[{"width":1536,"height":864,"url":"https:\/\/www.missionsvalencia.eu\/cpivalencia\/wp-content\/uploads\/2021\/07\/Jornada-Valencia-8-juliol_Municipis-innovadors_PROGRAMA_02-1536x864-1.png","type":"image\/png"}],"author":"CPI Val\u00e8ncia","twitter_card":"summary_large_image","twitter_creator":"@lasnavesINN","twitter_site":"@lasnavesINN","twitter_misc":{"Escrito por":"CPI Val\u00e8ncia","Tiempo de lectura":"1 minuto"},"schema":{"@context":"https:\/\/schema.org","@graph":[{"@type":"Organization","@id":"https:\/\/www.missionsvalencia.eu\/cpivalencia\/#organization","name":"COMPRA P\u00daBLICA DE INNOVACI\u00d3N - CPI Val\u00e8ncia","url":"https:\/\/www.missionsvalencia.eu\/cpivalencia\/","sameAs":["https:\/\/www.instagram.com\/LASNAVES\/","https:\/\/www.facebook.com\/LasNavesINN","https:\/\/twitter.com\/lasnavesINN"],"logo":{"@type":"ImageObject","inLanguage":"es","@id":"https:\/\/www.missionsvalencia.eu\/cpivalencia\/#\/schema\/logo\/image\/","url":"https:\/\/www.missionsvalencia.eu\/cpivalencia\/wp-content\/uploads\/2021\/07\/CPI_vlc_logo_color.png","contentUrl":"https:\/\/www.missionsvalencia.eu\/cpivalencia\/wp-content\/uploads\/2021\/07\/CPI_vlc_logo_color.png","width":842,"height":596,"caption":"COMPRA P\u00daBLICA DE INNOVACI\u00d3N - CPI Val\u00e8ncia"},"image":{"@id":"https:\/\/www.missionsvalencia.eu\/cpivalencia\/#\/schema\/logo\/image\/"}},{"@type":"WebSite","@id":"https:\/\/www.missionsvalencia.eu\/cpivalencia\/#website","url":"https:\/\/www.missionsvalencia.eu\/cpivalencia\/","name":"CPI Val&egrave;ncia","description":"Compra P&uacute;blica de Innovaci&oacute;n dirigida a Val&egrave;ncia, una herramienta de innovaci&oacute;n.","publisher":{"@id":"https:\/\/www.missionsvalencia.eu\/cpivalencia\/#organization"},"potentialAction":[{"@type":"SearchAction","target":{"@type":"EntryPoint","urlTemplate":"https:\/\/www.missionsvalencia.eu\/cpivalencia\/?s={search_term_string}"},"query-input":"required name=search_term_string"}],"inLanguage":"es"},{"@type":"ImageObject","inLanguage":"es","@id":"https:\/\/www.missionsvalencia.eu\/cpivalencia\/en\/do-you-want-to-orientate-the-strategy-of-your-town-or-city-towards-innovation-missions\/#primaryimage","url":"https:\/\/www.missionsvalencia.eu\/cpivalencia\/wp-content\/uploads\/2021\/07\/Jornada-Valencia-8-juliol_Municipis-innovadors_PROGRAMA_02-1536x864-1.png","contentUrl":"https:\/\/www.missionsvalencia.eu\/cpivalencia\/wp-content\/uploads\/2021\/07\/Jornada-Valencia-8-juliol_Municipis-innovadors_PROGRAMA_02-1536x864-1.png","width":1536,"height":864},{"@type":"WebPage","@id":"https:\/\/www.missionsvalencia.eu\/cpivalencia\/en\/do-you-want-to-orientate-the-strategy-of-your-town-or-city-towards-innovation-missions\/","url":"https:\/\/www.missionsvalencia.eu\/cpivalencia\/en\/do-you-want-to-orientate-the-strategy-of-your-town-or-city-towards-innovation-missions\/","name":"Do you want to orientate the strategy of your town or city towards innovation missions? - CPI Val&egrave;ncia","isPartOf":{"@id":"https:\/\/www.missionsvalencia.eu\/cpivalencia\/#website"},"primaryImageOfPage":{"@id":"https:\/\/www.missionsvalencia.eu\/cpivalencia\/en\/do-you-want-to-orientate-the-strategy-of-your-town-or-city-towards-innovation-missions\/#primaryimage"},"datePublished":"2021-09-30T11:30:47+00:00","dateModified":"2021-09-30T11:37:34+00:00","breadcrumb":{"@id":"https:\/\/www.missionsvalencia.eu\/cpivalencia\/en\/do-you-want-to-orientate-the-strategy-of-your-town-or-city-towards-innovation-missions\/#breadcrumb"},"inLanguage":"es","potentialAction":[{"@type":"ReadAction","target":["https:\/\/www.missionsvalencia.eu\/cpivalencia\/en\/do-you-want-to-orientate-the-strategy-of-your-town-or-city-towards-innovation-missions\/"]}]},{"@type":"BreadcrumbList","@id":"https:\/\/www.missionsvalencia.eu\/cpivalencia\/en\/do-you-want-to-orientate-the-strategy-of-your-town-or-city-towards-innovation-missions\/#breadcrumb","itemListElement":[{"@type":"ListItem","position":1,"name":"Portada","item":"https:\/\/www.missionsvalencia.eu\/cpivalencia\/"},{"@type":"ListItem","position":2,"name":"Do you want to orientate the strategy of your town or city towards innovation missions?"}]},{"@type":"Article","@id":"https:\/\/www.missionsvalencia.eu\/cpivalencia\/en\/do-you-want-to-orientate-the-strategy-of-your-town-or-city-towards-innovation-missions\/#article","isPartOf":{"@id":"https:\/\/www.missionsvalencia.eu\/cpivalencia\/en\/do-you-want-to-orientate-the-strategy-of-your-town-or-city-towards-innovation-missions\/"},"author":{"name":"CPI Val\u00e8ncia","@id":"https:\/\/www.missionsvalencia.eu\/cpivalencia\/#\/schema\/person\/4fe9962daca1d2bf67d43496c1712873"},"headline":"Do you want to orientate the strategy of your town or city towards innovation missions?","datePublished":"2021-09-30T11:30:47+00:00","dateModified":"2021-09-30T11:37:34+00:00","mainEntityOfPage":{"@id":"https:\/\/www.missionsvalencia.eu\/cpivalencia\/en\/do-you-want-to-orientate-the-strategy-of-your-town-or-city-towards-innovation-missions\/"},"wordCount":225,"commentCount":0,"publisher":{"@id":"https:\/\/www.missionsvalencia.eu\/cpivalencia\/#organization"},"image":{"@id":"https:\/\/www.missionsvalencia.eu\/cpivalencia\/en\/do-you-want-to-orientate-the-strategy-of-your-town-or-city-towards-innovation-missions\/#primaryimage"},"thumbnailUrl":"https:\/\/www.missionsvalencia.eu\/cpivalencia\/wp-content\/uploads\/2021\/07\/Jornada-Valencia-8-juliol_Municipis-innovadors_PROGRAMA_02-1536x864-1.png","inLanguage":"es","potentialAction":[{"@type":"CommentAction","name":"Comment","target":["https:\/\/www.missionsvalencia.eu\/cpivalencia\/en\/do-you-want-to-orientate-the-strategy-of-your-town-or-city-towards-innovation-missions\/#respond"]}]},{"@type":"Person","@id":"https:\/\/www.missionsvalencia.eu\/cpivalencia\/#\/schema\/person\/4fe9962daca1d2bf67d43496c1712873","name":"CPI Val\u00e8ncia","image":{"@type":"ImageObject","inLanguage":"es","@id":"https:\/\/www.missionsvalencia.eu\/cpivalencia\/#\/schema\/person\/image\/","url":"https:\/\/secure.gravatar.com\/avatar\/ac22f00686d970c69bb50e4f9266f941?s=96&d=mm&r=g","contentUrl":"https:\/\/secure.gravatar.com\/avatar\/ac22f00686d970c69bb50e4f9266f941?s=96&d=mm&r=g","caption":"CPI Val\u00e8ncia"}}]}},"_links":{"self":[{"href":"https:\/\/www.missionsvalencia.eu\/cpivalencia\/wp-json\/wp\/v2\/posts\/1879"}],"collection":[{"href":"https:\/\/www.missionsvalencia.eu\/cpivalencia\/wp-json\/wp\/v2\/posts"}],"about":[{"href":"https:\/\/www.missionsvalencia.eu\/cpivalencia\/wp-json\/wp\/v2\/types\/post"}],"author":[{"embeddable":true,"href":"https:\/\/www.missionsvalencia.eu\/cpivalencia\/wp-json\/wp\/v2\/users\/1"}],"replies":[{"embeddable":true,"href":"https:\/\/www.missionsvalencia.eu\/cpivalencia\/wp-json\/wp\/v2\/comments?post=1879"}],"version-history":[{"count":2,"href":"https:\/\/www.missionsvalencia.eu\/cpivalencia\/wp-json\/wp\/v2\/posts\/1879\/revisions"}],"predecessor-version":[{"id":1881,"href":"https:\/\/www.missionsvalencia.eu\/cpivalencia\/wp-json\/wp\/v2\/posts\/1879\/revisions\/1881"}],"wp:featuredmedia":[{"embeddable":true,"href":"https:\/\/www.missionsvalencia.eu\/cpivalencia\/wp-json\/wp\/v2\/media\/1597"}],"wp:attachment":[{"href":"https:\/\/www.missionsvalencia.eu\/cpivalencia\/wp-json\/wp\/v2\/media?parent=1879"}],"wp:term":[{"taxonomy":"category","embeddable":true,"href":"https:\/\/www.missionsvalencia.eu\/cpivalencia\/wp-json\/wp\/v2\/categories?post=1879"},{"taxonomy":"post_tag","embeddable":true,"href":"https:\/\/www.missionsvalencia.eu\/cpivalencia\/wp-json\/wp\/v2\/tags?post=1879"}],"curies":[{"name":"wp","href":"https:\/\/api.w.org\/{rel}","templated":true}]}}